{"id":31,"date":"2020-03-15T15:50:12","date_gmt":"2020-03-15T14:50:12","guid":{"rendered":"http:\/\/rochoy.fr\/michael\/?p=31"},"modified":"2022-01-07T17:01:08","modified_gmt":"2022-01-07T16:01:08","slug":"organisation-du-cabinet-avec-le-covid-19","status":"publish","type":"post","link":"https:\/\/rochoy.fr\/michael\/organisation-du-cabinet-avec-le-covid-19\/","title":{"rendered":"Organisation du cabinet avec le COVID-19"},"content":{"rendered":"\n<p>Depuis le passage en phase 3 de la pand\u00e9mie COVID-19, l&rsquo;organisation des soins m\u00e9dicaux en ville change&#8230; <\/p>\n\n\n\n<p><strong>A partir du 16 mars, l&rsquo;int\u00e9gralit\u00e9 des consultations sera r\u00e9alis\u00e9e avec un masque.\u00a0En\u00a0raison\u00a0d&rsquo;un\u00a0stock\u00a0faible,\u00a0aucun\u00a0masque\u00a0ne\u00a0pourra\u00a0\u00eatre d\u00e9livr\u00e9.<\/strong><\/p>\n\n\n\n<p><em>Cette page est organis\u00e9e sous forme de questions-r\u00e9ponses ; si vous n&rsquo;avez pas le temps de lire l&rsquo;int\u00e9gralit\u00e9, n&rsquo;h\u00e9sitez pas au moins \u00e0 survoler les intitul\u00e9s des questions.<\/em><\/p>\n\n\n\n<h4 class=\"has-bright-blue-color has-text-color wp-block-heading\"><strong>Quand rester chez soi ?\ufeff<\/strong><\/h4>\n\n\n\n<ul class=\"wp-block-list\"><li><strong>tout le temps si vous n&rsquo;avez pas de sympt\u00f4mes<\/strong> (ce sont les consignes nationales de la phase 3). <strong>Rester chez vous sauvera r\u00e9ellement des vies : plus vous resterez chez vous, plus l&rsquo;\u00e9pid\u00e9mie fran\u00e7aise sera courte<\/strong> (si tous les contacts sont interrompus, la premi\u00e8re vague \u00e9pid\u00e9mique sera en tr\u00e8s bonne voie dans 2-3 semaines&#8230;).<\/li><li><strong>\u00e9vitez tout particuli\u00e8rement de rendre visite \u00e0 des personnes de plus de 50 ans\u00a0<\/strong>autant que possible.<\/li><li><strong>pas de consultation de renouvellement si tout va bien<\/strong> : <strong>vos traitements peuvent \u00eatre renouvel\u00e9s automatiquement jusqu&rsquo;au 31 mai\u00a0<\/strong>(y compris pour les hypnotiques, j&rsquo;enverrai si besoin l&rsquo;ordonnance par mail \u00e0 votre pharmacie pour ce traitement)<\/li><li><strong>\u00e9vitez \u00e9galement de consulter pour des troubles musculo-squelettiques chroniques<\/strong> (lombalgie, douleur d&rsquo;\u00e9paule, de coude, genou&#8230;) <strong>ou pour des probl\u00e8mes non urgents <\/strong>(acn\u00e9, rosac\u00e9e, ecz\u00e9ma, intertrigo, conjonctivite&#8230;). Pas de souci pour un conseil t\u00e9l\u00e9phonique ou une t\u00e9l\u00e9-consultation bien s\u00fbr.<\/li><li><strong>pas de consultation syst\u00e9matique pour un rhume, pour une fi\u00e8vre d\u00e9butante bien tol\u00e9r\u00e9e, si vous n&rsquo;\u00eates pas \u00e0 risque (cf. liste ci-dessous)&#8230; <\/strong><\/li><\/ul>\n\n\n\n<p><strong>Ne vous dites pas que vous allez aller chez votre m\u00e9decin (ou aux urgences) pour \u00ab\u00a0savoir\u00a0\u00bb si votre toux est due \u00e0 COVID-19. <\/strong><br><strong>Le diagnostic sera \u00ab\u00a0rhino-pharyngite dans un contexte de pand\u00e9mie \u00e0 COVID-19\u00a0\u00bb.<\/strong><br><strong>Et si vous ne l&rsquo;aviez <em>peut-\u00eatre <\/em>pas en arrivant chez le soignant, vous aurez un risque un peu plus \u00e9lev\u00e9  de l&rsquo;avoir en repartant&#8230;<\/strong><\/p>\n\n\n\n<p>Si vous vous demandez s&rsquo;il faut consulter, dites vous que les soignants sont tous <em>(potentiellement) <\/em>porteurs du COVID-19. Est-ce que votre consultation justifie de prendre ce risque de contage ? Si oui, dans ce cas, il faut consulter ; si non, alors il est pr\u00e9f\u00e9rable d&rsquo;attendre. <strong>Le meilleur message de sant\u00e9 personnelle et publique est : \u00ab\u00a0restez chez vous\u00a0\u00bb. <\/strong><\/p>\n\n\n\n<h4 class=\"has-bright-blue-color has-text-color wp-block-heading\">Qui sont les patients les plus \u00e0 risque ? <\/h4>\n\n\n\n<p>Les personnes \u00e0 risque de formes graves sont :<\/p>\n\n\n\n<ul class=\"wp-block-list\"><li><strong>&gt; 70 ans<\/strong><em>&nbsp;(la&nbsp;mortalit\u00e9&nbsp;est&nbsp;presque&nbsp;nulle avant&nbsp;50&nbsp;ans)<\/em><\/li><li>insuffisance respiratoire chronique sous O2, ou <strong>asthme,&nbsp;BPCO<\/strong> ou mucoviscidose ou toute pathologie chronique respiratoire ;<\/li><li><strong>dialyse<\/strong> ;<\/li><li><strong>insuffisance cardiaque<\/strong> stade NYHA III ou IV ; <\/li><li><strong>cirrhose<\/strong> \u2265 stade B ;  <\/li><li>ant\u00e9c\u00e9dents cardiovasculaires : <strong>hypertension art\u00e9rielle<\/strong>, <strong>AVC, infarctus, <\/strong>chirurgie cardiaque ; <\/li><li>diab\u00e8te sous <strong>insuline<\/strong>, ou avec une atteinte des yeux, des reins, du coeur ou des nerfs ; <\/li><li>immunod\u00e9pression m\u00e9dicamenteuse : <strong>chimioth\u00e9rapie<\/strong> anti canc\u00e9reuse, immunosuppresseur, bioth\u00e9rapie et\/ou corticoth\u00e9rapie \u00e0 dose immunosuppressive ; <\/li><li>infection \u00e0 <strong>VIH<\/strong> non contr\u00f4l\u00e9 ou avec des CDA &lt; 200\/mm3 ;  <\/li><li><strong>greffe d\u2019organe<\/strong> solide ou de cellules souches h\u00e9matopo\u00ef\u00e9tique ;  <\/li><li><strong>cancer m\u00e9tastas\u00e9<\/strong> ;  <\/li><li><strong>ob\u00e9sit\u00e9 morbide IMC &gt; 40<\/strong> ;<\/li><li><strong>grossesse<\/strong> (par pr\u00e9caution, a priori pas de surrisque)<\/li><\/ul>\n\n\n\n<h4 class=\"has-bright-blue-color has-text-color wp-block-heading\">Quels sont les sympt\u00f4mes du coronavirus ? <\/h4>\n\n\n\n<ul class=\"wp-block-list\"><li><strong>fi\u00e8vre (9 fois sur 10)<\/strong><\/li><li><strong>toux (7 fois sur 10),<\/strong> souvent s\u00e8che (2 fois sur 3)<\/li><li><strong>essoufflement (4 fois sur 10), <\/strong>souvent major\u00e9e entre J5 et J8<\/li><li>courbatures (3 fois sur 10) <\/li><li>maux de t\u00eate (1 fois sur 10)<\/li><li>nez qui coule, mal de gorge, diarrh\u00e9e (1 fois sur 10)<\/li><\/ul>\n\n\n\n<p><strong>La p\u00e9riode d&rsquo;incubation (entre contamination et premiers sympt\u00f4mes) est de 5 jours dans la moiti\u00e9 des cas, et peut aller jusqu&rsquo;\u00e0 14 jours<\/strong>. Les personnes contamin\u00e9es pourraient \u00eatre contagieuses d\u00e8s la veille de leurs sympt\u00f4mes&#8230;<\/p>\n\n\n\n<p><strong>Ces sympt\u00f4mes sont donc tr\u00e8s proches de la grippe ou d&rsquo;une rhino-pharyngite ou bronchite.<\/strong> En absence de gravit\u00e9, ils seront trait\u00e9s comme tels. <\/p>\n\n\n\n<p>Il n&rsquo;existe pas de traitement curatif du COVID-19, ni de la grippe ou des autres infections virales. Il n&rsquo;existera pas de vaccin contre le COVID-19 avant 2021 au mieux <em>a priori<\/em>, et les \u00e9ventuels traitements curatifs sont en \u00e9tude. <strong>Miser sur la recherche est indispensable pour anticiper les prochaines vagues \u00e9pid\u00e9miques au lever du confinement.<\/strong><\/p>\n\n\n\n<h4 class=\"has-bright-blue-color has-text-color wp-block-heading\"><strong>Que faire en cas de rhume, de fi\u00e8vre isol\u00e9e d\u00e9butante, de toux d\u00e9butante ? <\/strong><\/h4>\n\n\n\n<ul class=\"wp-block-list\"><li><strong>isolez vous <\/strong>: limiter au maximum les d\u00e9placements.<\/li><li><strong>prenez du parac\u00e9tamol<\/strong> si besoin (dose adapt\u00e9e \u00e0 votre poids, maximum 1 g 3 fois par jour). <strong>Ne prenez pas d&rsquo;anti-inflammatoire (pas d&rsquo;ibuprof\u00e8ne, pas de spifen, pas d&rsquo;advil, pas de nurof\u00e8ne, pas de brexin&#8230;)<\/strong> <strong>&#8211;&nbsp;<\/strong>en cas de doute avant de vous auto-m\u00e9diquer, vous pouvez contacter votre m\u00e9decin traitant ou votre pharmacien conseil.<\/li><li><strong>au sein du logement, il est conseill\u00e9 de rester dans une pi\u00e8ce sp\u00e9cifique, en \u00e9vitant les contacts avec&nbsp;les autres occupants du domicile, d\u2019a\u00e9rer r\u00e9guli\u00e8rement.<\/strong> Si possible, une salle de bain et des toilettes&nbsp;sp\u00e9cifiques sont \u00e0 privil\u00e9gier. Dans le cas contraire il est recommand\u00e9 de <strong>se laver les mains fr\u00e9quemment, de ne pas toucher d\u2019objets communs et de laver quotidiennement les surfaces&nbsp;fr\u00e9quemment touch\u00e9es (poign\u00e9es, t\u00e9l\u00e9phones mobiles, etc.)<\/strong>. Il est d\u00e9conseill\u00e9 de recevoir de visites sauf indispensables, comme les aidants \u00e0 domiciles. Enfin, les livraisons \u00e0 domicile sont possibles, en laissant le colis sur le palier.<\/li><li><strong>si vous avez un doute sur votre \u00e9tat de sant\u00e9, si vous \u00eates inquiet, si vous avez besoin d&rsquo;un arr\u00eat de travail<\/strong> : <strong>appelez&nbsp;votre&nbsp;m\u00e9decin&nbsp;pour&nbsp;discuter<\/strong> si cela peut \u00eatre fait par appel t\u00e9l\u00e9phonique (t\u00e9l\u00e9m\u00e9decine) ou si cela n\u00e9cessite une consultation.<\/li><\/ul>\n\n\n\n<h4 class=\"has-bright-blue-color has-text-color wp-block-heading\">Comment s&rsquo;attrape le COVID-19 ?<\/h4>\n\n\n\n<ul class=\"wp-block-list\"><li><strong>Par les gouttelettes&nbsp;de&nbsp;\u00ab\u00a0salive\u00a0\u00bb<\/strong> : <ul><li>projet\u00e9es jusqu&rsquo;\u00e0 1m en <strong>parlant<\/strong> \/ <strong>toussant<\/strong> : <strong>d&rsquo;o\u00f9 l&rsquo;int\u00e9r\u00eat de rester \u00e0 distance, de porter un masque si possible<\/strong><\/li><li>aval\u00e9es suite \u00e0 un <strong>contact cutan\u00e9<\/strong> (une personne tousse dans la main, vous serre la main, puis vous portez la main \u00e0 la bouche&#8230; ou une personne tousse dans la main, serre une poign\u00e9e de porte, puis vous le faites et vous portez la main \u00e0 la bouche&#8230;) : <strong>d&rsquo;o\u00f9 l&rsquo;int\u00e9r\u00eat d&rsquo;\u00e9viter de porter la main \u00e0 la bouche, de vous laver r\u00e9guli\u00e8rement les mains avec un gel hydro-alcoolique ou de l&rsquo;eau et du savon&#8230;<\/strong><\/li><\/ul><\/li><li>A noter que <strong>le virus survit 24-72h sur les surfaces<\/strong>, \u00e0 temp\u00e9rature et humidit\u00e9 ambiante (<a href=\"https:\/\/www.medrxiv.org\/content\/10.1101\/2020.03.09.20033217v2\">source<\/a>).<\/li><\/ul>\n\n\n\n<h4 class=\"has-bright-blue-color has-text-color wp-block-heading\">Quand appeler votre m\u00e9decin traitant ? <\/h4>\n\n\n\n<ul class=\"wp-block-list\"><li><strong>toute pathologie vous inqui\u00e9tant<\/strong>, comme d&rsquo;habitude. <\/li><li><strong>pour avoir un arr\u00eat de travail<\/strong><\/li><li><strong>pour les autres probl\u00e8mes&nbsp;hors&nbsp;respiratoire<\/strong> : \u00e7a n&rsquo;est pas judicieux de laisser tra\u00eener une cystite, une otite, un \u00e9rysip\u00e8le&#8230;<\/li><li><strong>toute fi\u00e8vre ou toux si vous faites partie de la liste des personnes \u00e0 risque (cf. supra)<\/strong><\/li><li><strong>en cas de fi\u00e8vre avec toux importante, de difficult\u00e9s respiratoires, de maux de t\u00eate intenses, de courbatures intenses, de douleurs thoraciques intenses, d&rsquo;essoufflement intense \u00e0 l&rsquo;effort, d&rsquo;alt\u00e9ration de la conscience<\/strong><\/li><li><strong>en cas de toux et fi\u00e8vre, si vous n&rsquo;avez pas d&rsquo;entourage pour vous surveiller <\/strong>; il sera possible de pr\u00e9voir une consultation de suivi par le m\u00e9decin ou un infirmier.<\/li><\/ul>\n\n\n\n<p><strong>Libre au m\u00e9decin d&rsquo;organiser la suite avec vous <\/strong>: simple conseil t\u00e9l\u00e9phonique, t\u00e9l\u00e9consultation par t\u00e9l\u00e9phone ou des outils sp\u00e9cifiques, organisation d&rsquo;un RDV en visite ou au cabinet, selon nos possibilit\u00e9s.<\/p>\n\n\n\n<h4 class=\"has-bright-blue-color has-text-color wp-block-heading\">Quand aller chez le m\u00e9decin traitant ? <\/h4>\n\n\n\n<ul class=\"wp-block-list\"><li><strong>quand il vous l&rsquo;a dit par t\u00e9l\u00e9phone <\/strong>: pas de consultation sans RDV pr\u00e9alable !<\/li><li>dans cette situation exceptionnelle, le m\u00e9decin pourra r\u00e9aliser les consultations de t\u00e9l\u00e9m\u00e9decine par t\u00e9l\u00e9phone ou vid\u00e9o. Nous verrons \u00e7a ensemble au cas par cas.<\/li><\/ul>\n\n\n\n<h4 class=\"has-bright-blue-color has-text-color wp-block-heading\">Quand faire le 15 ? <\/h4>\n\n\n\n<ul class=\"wp-block-list\"><li>pour les pathologies graves habituelles qui vont continuer d&rsquo;exister : <strong>douleur thoracique constrictive \u00e9vocatrice d&rsquo;infarctus, d\u00e9ficit neurologique brutal \u00e9vocateur d&rsquo;AVC<\/strong>&#8230; (liste non exhaustive)<\/li><li><strong>difficult\u00e9s respiratoires avec sensation d&rsquo;\u00e9touffement<\/strong> dans un contexte d&rsquo;infection virale compatible avec le COVID-19, classiquement \u00e0 J5-J8 d&rsquo;\u00e9volution des sympt\u00f4mes.<\/li><\/ul>\n\n\n\n<h4 class=\"has-bright-blue-color has-text-color wp-block-heading\">Quand NE PAS faire le 15 ? <\/h4>\n\n\n\n<ul class=\"wp-block-list\"><li>\u00ab\u00a0pour savoir\u00a0\u00bb :<strong> si vous avez des questions sur le coronavirus, vous pouvez appeler le num\u00e9ro vert 0800 130 000, <\/strong>ou \u00e0 d\u00e9faut m&rsquo;appeler. <\/li><li>rhino-pharyngite d\u00e9butante ; fi\u00e8vre ou toux bien tol\u00e9r\u00e9es<\/li><\/ul>\n\n\n\n<p><strong>Si vous \u00eates inquiets malgr\u00e9 les consignes, ce qui est compr\u00e9hensible dans le climat actuel, ne pas h\u00e9siter \u00e0 contacter votre m\u00e9decin traitant plut\u00f4t que le 15&nbsp;ou&nbsp;les&nbsp;urgences.<\/strong><\/p>\n\n\n\n<h4 class=\"has-bright-blue-color has-text-color wp-block-heading\">Quand aller spontan\u00e9ment aux urgences ? <\/h4>\n\n\n\n<ul class=\"wp-block-list\"><li><strong>y aller pour les urgences habituelles <\/strong>: douleur thoracique suspecte, d\u00e9ficit neurologique, mal de t\u00eate intense et inhabituel, id\u00e9es suicidaires&#8230; souvent apr\u00e8s avis du 15 (l\u00e0 encore, liste non exhaustive).<\/li><li><strong>id\u00e9alement, NE PAS pour des pathologies pouvant \u00eatre g\u00e9r\u00e9es en ville :<\/strong> entorse, douleur abdominale chronique, mal de dos habituel&#8230; <\/li><li><strong style=\"font-size: 19px;\">concernant les probl\u00e8mes respiratoires<\/strong><span style=\"font-size: 19px;\">, les crit\u00e8res d&rsquo;hospitalisation sont clairement \u00e9tablis et <\/span><strong style=\"font-size: 19px;\">correspondent \u00e0 une difficult\u00e9 inhabituelle et importante \u00e0 respirer <\/strong><span style=\"font-size: 19px;\">:<\/span><ul><li>Fr\u00e9quence respiratoire &gt; 22 cycles (inspiration-expiration)\/minute<\/li><li>Oxym\u00e9trie de pouls (Sp02) &lt; 90% en air ambiant (pas \u00e9vident \u00e0 savoir sans consulter, mais &lt; 90 % on commence s\u00e9rieusement \u00e0 ne pas \u00eatre bien) <\/li><li>Pression art\u00e9rielle systolique (1er nombre) &lt; 90 mmHg (idem, une tension inf\u00e9rieure \u00e0 9 implique une grande faiblesse)<\/li><li><strong>Alt\u00e9ration de la conscience, confusion, somnolence<\/strong><\/li><li><strong>D\u00e9shydratation<\/strong><\/li><li>Alt\u00e9ration de l\u2019\u00e9tat g\u00e9n\u00e9ral brutal chez le sujet \u00e2g\u00e9.<\/li><\/ul><\/li><\/ul>\n\n\n\n<h4 class=\"has-bright-blue-color has-text-color wp-block-heading\">Qui est test\u00e9 actuellement pour le COVID-19 ? <\/h4>\n\n\n\n<p>A ce jour (15 mars 2020), la PCR est r\u00e9serv\u00e9e pour : <\/p>\n\n\n\n<ul class=\"wp-block-list\"><li><strong>Les patients hospitalis\u00e9s pour un tableau clinique \u00e9vocateur<\/strong> de Covid-19 <\/li><li><strong>Les deux premiers patients r\u00e9sidant en EHPAD et en structures collectives h\u00e9bergeant des personnes vuln\u00e9rables pr\u00e9sentant un tableau clinique \u00e9vocateur<\/strong><\/li><li><strong>Tous les professionnels de sant\u00e9 d\u00e8s l\u2019apparition des sympt\u00f4mes \u00e9vocateurs (pour&nbsp;prot\u00e9ger&nbsp;leurs&nbsp;patients et \u00e9viter qu&rsquo;ils soient \u00ab\u00a0super-diffuseurs\u00a0\u00bb)&nbsp;<\/strong><\/li><li><strong>Les personnes \u00e0 risque de formes graves et pr\u00e9sentant des sympt\u00f4mes \u00e9vocateurs de Covid-19&nbsp;(cf.&nbsp;ci-dessus)<\/strong><\/li><\/ul>\n\n\n\n<h4 class=\"has-bright-blue-color has-text-color wp-block-heading\">Si vous \u00eates en ALD, non symptomatique, et que vous avez besoin d&rsquo;un arr\u00eat de travail&#8230;<\/h4>\n\n\n\n<ul class=\"wp-block-list\"><li>Les personnes en ALD pourront b\u00e9n\u00e9ficier d&rsquo;un arr\u00eat de travail pr\u00e9ventif de 20 jours, <strong>qui sera r\u00e9alis\u00e9 par la CPAM<\/strong> <strong>ou l&#8217;employeur<\/strong>. <\/li><\/ul>\n\n\n\n<h4 class=\"has-bright-blue-color has-text-color wp-block-heading\">Pourquoi se confiner ?<\/h4>\n\n\n\n<ul class=\"wp-block-list\"><li>Une personne va en contaminer en moyenne 2,7 (R0) ; l&rsquo;immunit\u00e9 de groupe serait atteinte \u00e0 1-1\/2,7, soit 60 % de la population contamin\u00e9e&#8230; <\/li><li>&#8230; ou si le R0 descend de 2,7 \u00e0 moins de 1, <strong>gr\u00e2ce au confinement&nbsp;<\/strong>(par exemple, cet article vulgaris\u00e9 : <a href=\"https:\/\/medium.com\/@tomaspueyo\/coronavirus-agissez-aujourdhui-2bd1dc7838f6\">https:\/\/medium.com\/@tomaspueyo\/coronavirus-agissez-aujourdhui-2bd1dc7838f6<\/a>). <\/li><li>Un seul cas atteint non confin\u00e9 peut entra\u00eener une catastrophe sanitaire ; c&rsquo;est le cas du \u00ab\u00a0patient 31\u00a0\u00bb en Cor\u00e9e du Sud : <a href=\"https:\/\/graphics.reuters.com\/CHINA-HEALTH-SOUTHKOREA-CLUSTERS\/0100B5G33SB\/index.html\">https:\/\/graphics.reuters.com\/CHINA-HEALTH-SOUTHKOREA-CLUSTERS\/0100B5G33SB\/index.html<\/a><\/li><li>A priori, <strong>il y aurait environ 30 % de cas sans sympt\u00f4mes<\/strong> (porteurs sains, surtout les enfants). <strong>Parmi les 70 % symptomatiques, 4 sur 5 feront une forme l\u00e9g\u00e8re<\/strong> (fi\u00e8vre, toux, l\u00e9g\u00e8re g\u00eane respiratoire), 1 sur 5 n\u00e9cessitera de l&rsquo;oxyg\u00e8ne \u00e0 l&rsquo;h\u00f4pital voire une intubation. <\/li><li>La mortalit\u00e9 parmi les patients symptomatiques est quasi nulle avant 50 ans, estim\u00e9e \u00e0 1,7 % entre 50 et 59 ans, 8,1 % de 60 \u00e0 69 ans, 34,2 % de 70 \u00e0 79 ans, 44,3 % apr\u00e8s 80 ans&#8230; <strong>d&rsquo;o\u00f9 l&rsquo;importance d&rsquo;\u00e9viter le contact avec toute personne de plus de 50 ans et a fortiori de plus de 70 ans.<\/strong><\/li><li>Le confinement va limiter la diffusion de cette vague virale, diminuer le nombre de cas et donc le nombre de d\u00e9c\u00e8s. <\/li><li><strong>Le Washington Post l&rsquo;illustre parfaitement&nbsp;:<\/strong> <a href=\"https:\/\/www.washingtonpost.com\/graphics\/2020\/world\/corona-simulator\/\">https:\/\/www.washingtonpost.com\/graphics\/2020\/world\/corona-simulator\/<\/a><\/li><li><strong>C&rsquo;est exactement ce qui s&rsquo;est pass\u00e9 en Chine et en Italie : 15 jours apr\u00e8s le confinement, le nombre de nouveaux cas chute largement.<\/strong><\/li><li>Un des autres int\u00e9r\u00eats du confinement est \u00ab\u00a0d&rsquo;aplatir la courbe\u00a0\u00bb des nouveaux cas et \u00e9viter la saturation du syst\u00e8me de sant\u00e9, notamment en r\u00e9animation.<\/li><\/ul>\n\n\n\n<h4 class=\"has-bright-blue-color has-text-color wp-block-heading\">O\u00f9 s&rsquo;informer sur le COVID-19 ? <\/h4>\n\n\n\n<ul class=\"wp-block-list\"><li><strong>Les informations peuvent \u00eatre anxiog\u00e8nes, surtout pour ceux qui seront confin\u00e9s \u00e0 domicile. N&rsquo;h\u00e9sitez pas \u00e0 couper avec les informations, <\/strong>et vous ressourcer avec de la lecture, des loisirs cr\u00e9atifs, de la musique, des films ou documentaires&#8230; <strong>Vous pouvez \u00e9galement sortir de chez vous pour marcher, courir ou faire du v\u00e9lo, tant que vous le faites seul et pas en groupe&#8230;&nbsp;Ce&nbsp;n&rsquo;est&nbsp;pas&nbsp;le&nbsp;virus&nbsp;qui&nbsp;circule&nbsp;dans&nbsp;l&rsquo;air,&nbsp;ce&nbsp;sont&nbsp;les&nbsp;humains&nbsp;qui&nbsp;le&nbsp;font&nbsp;circuler&nbsp;!<\/strong><\/li><li>Vous pouvez \u00e9galement appeler vos proches fragiles, faire des projets avec, vous lancer dans la g\u00e9n\u00e9alogie&#8230; <strong>mais \u00e9vitez tout contact physique avec eux !<\/strong><\/li><li>Les sites officiels sont bien plus fiables que le dernier post lu sur Facebook (il n&rsquo;est pas l&rsquo;heure de c\u00e9der au complotisme&#8230;) : <a href=\"https:\/\/www.gouvernement.fr\/info-coronavirus\">https:\/\/www.gouvernement.fr\/info-coronavirus<\/a> <\/li><li>Le tableau de bord actualis\u00e9 des cas confirm\u00e9s et d\u00e9c\u00e8s dans le monde et par pays : <a href=\"https:\/\/gisanddata.maps.arcgis.com\/apps\/opsdashboard\/index.html#\/bda7594740fd40299423467b48e9ecf6\">https:\/\/gisanddata.maps.arcgis.com\/apps\/opsdashboard\/index.html#\/bda7594740fd40299423467b48e9ecf6 <\/a><\/li><li>La page sur Sant\u00e9 Publique France : <a href=\"https:\/\/www.santepubliquefrance.fr\/maladies-et-traumatismes\/maladies-et-infections-respiratoires\/infection-a-coronavirus\/articles\/infection-au-nouveau-coronavirus-sars-cov-2-covid-19-france-et-monde\">https:\/\/www.santepubliquefrance.fr\/maladies-et-traumatismes\/maladies-et-infections-respiratoires\/infection-a-coronavirus\/articles\/infection-au-nouveau-coronavirus-sars-cov-2-covid-19-france-et-monde<\/a><\/li><li>Autre site fiable \u00e0 jour : <a class=\"\" href=\"http:\/\/www.urpsml-hdf.fr\/coronavirus-covid-19\/\">http:\/\/www.urpsml-hdf.fr\/coronavirus-covid-19\/&nbsp;<\/a><\/li><li>Pour se guider, les m\u00e9decins vont pouvoir utiliser le site Antibioclic \u00e0 partir du 15 mars : <a href=\"https:\/\/antibioclic.com\/questionnaire\/57\">https:\/\/antibioclic.com\/questionnaire\/57<\/a><\/li><li><strong>Enfin, j&rsquo;essaierai d&rsquo;actualiser cette page en fonction de vos questions et de mon temps libre. <\/strong><\/li><\/ul>\n\n\n\n<p class=\"has-text-color has-background has-white-color has-bright-blue-background-color\"><strong>En attendant que le confinement soit lev\u00e9 dans quelques semaines, merci de rester chez vous autant que possible&#8230;<\/strong> <\/p>\n\n\n\n<figure class=\"wp-block-image size-large\"><img loading=\"lazy\" decoding=\"async\" width=\"724\" height=\"1024\" src=\"http:\/\/rochoy.fr\/michael\/wp-content\/uploads\/2020\/03\/STAY-AT-HOME-FR-724x1024.jpg\" alt=\"Restez chez vous\" class=\"wp-image-39\" srcset=\"https:\/\/rochoy.fr\/michael\/wp-content\/uploads\/2020\/03\/STAY-AT-HOME-FR-724x1024.jpg 724w, https:\/\/rochoy.fr\/michael\/wp-content\/uploads\/2020\/03\/STAY-AT-HOME-FR-212x300.jpg 212w, https:\/\/rochoy.fr\/michael\/wp-content\/uploads\/2020\/03\/STAY-AT-HOME-FR-768x1086.jpg 768w\" sizes=\"auto, (max-width: 709px) 85vw, (max-width: 909px) 67vw, (max-width: 984px) 61vw, (max-width: 1362px) 45vw, 600px\" \/><figcaption>Iconographie de Mathieu Persan (@mathieupersan)<\/figcaption><\/figure>\n\n\n\n<p><em><strong>(EDIT 22h30) <\/strong><\/em>Ces informations se retrouvent dans le communiqu\u00e9 minist\u00e9riel.<\/p>\n\n\n\n<figure class=\"wp-block-image size-full is-resized\"><img loading=\"lazy\" decoding=\"async\" src=\"http:\/\/rochoy.fr\/michael\/wp-content\/uploads\/2020\/03\/ETLfDRYXgAIDo7C.png\" alt=\"\" class=\"wp-image-68\" width=\"649\" height=\"1134\" srcset=\"https:\/\/rochoy.fr\/michael\/wp-content\/uploads\/2020\/03\/ETLfDRYXgAIDo7C.png 595w, https:\/\/rochoy.fr\/michael\/wp-content\/uploads\/2020\/03\/ETLfDRYXgAIDo7C-172x300.png 172w, https:\/\/rochoy.fr\/michael\/wp-content\/uploads\/2020\/03\/ETLfDRYXgAIDo7C-586x1024.png 586w\" sizes=\"auto, (max-width: 709px) 85vw, (max-width: 909px) 67vw, (max-width: 984px) 61vw, (max-width: 1362px) 45vw, 600px\" \/><\/figure>\n\n\n\n<p>Cet article a servi de base \u00e0 <a href=\"https:\/\/www.lefigaro.fr\/sciences\/medecin-urgences-centre-15-qui-et-quand-consulter-20200315\">cet article<\/a> de Soline Roy.<\/p>\n","protected":false},"excerpt":{"rendered":"<p>Depuis le passage en phase 3 de la pand\u00e9mie COVID-19, l&rsquo;organisation des soins m\u00e9dicaux en ville change&#8230; A partir du 16 mars, l&rsquo;int\u00e9gralit\u00e9 des consultations sera r\u00e9alis\u00e9e avec un masque.\u00a0En\u00a0raison\u00a0d&rsquo;un\u00a0stock\u00a0faible,\u00a0aucun\u00a0masque\u00a0ne\u00a0pourra\u00a0\u00eatre d\u00e9livr\u00e9. Cette page est organis\u00e9e sous forme de questions-r\u00e9ponses ; si vous n&rsquo;avez pas le temps de lire l&rsquo;int\u00e9gralit\u00e9, n&rsquo;h\u00e9sitez pas au moins \u00e0 survoler &hellip; <a href=\"https:\/\/rochoy.fr\/michael\/organisation-du-cabinet-avec-le-covid-19\/\" class=\"more-link\">Continuer la lecture<span class=\"screen-reader-text\"> de &laquo;&nbsp;Organisation du cabinet avec le COVID-19&nbsp;&raquo;<\/span><\/a><\/p>\n","protected":false},"author":1,"featured_media":0,"comment_status":"closed","ping_status":"open","sticky":false,"template":"","format":"standard","meta":{"item_id":"","pf_source_link":"","item_date":"","item_author":"","item_link":"","item_feat_img":"","item_wp_date":"","item_tags":"","source_publication_name":"","source_publication_url":"","nomination_count":"","sortable_item_date":"","item_description":"","pf_word_count":"","pf_forward_to_origin":"no-forward","_jetpack_memberships_contains_paid_content":false,"footnotes":""},"categories":[6,5],"tags":[],"class_list":["post-31","post","type-post","status-publish","format-standard","hentry","category-informations-medicales","category-organisation"],"jetpack_featured_media_url":"","nominators":[],"archiveOrgStatus":"","jetpack_sharing_enabled":true,"_links":{"self":[{"href":"https:\/\/rochoy.fr\/michael\/wp-json\/wp\/v2\/posts\/31","targetHints":{"allow":["GET"]}}],"collection":[{"href":"https:\/\/rochoy.fr\/michael\/wp-json\/wp\/v2\/posts"}],"about":[{"href":"https:\/\/rochoy.fr\/michael\/wp-json\/wp\/v2\/types\/post"}],"author":[{"embeddable":true,"href":"https:\/\/rochoy.fr\/michael\/wp-json\/wp\/v2\/users\/1"}],"replies":[{"embeddable":true,"href":"https:\/\/rochoy.fr\/michael\/wp-json\/wp\/v2\/comments?post=31"}],"version-history":[{"count":16,"href":"https:\/\/rochoy.fr\/michael\/wp-json\/wp\/v2\/posts\/31\/revisions"}],"predecessor-version":[{"id":111,"href":"https:\/\/rochoy.fr\/michael\/wp-json\/wp\/v2\/posts\/31\/revisions\/111"}],"wp:attachment":[{"href":"https:\/\/rochoy.fr\/michael\/wp-json\/wp\/v2\/media?parent=31"}],"wp:term":[{"attributes":{"taxonomy":"category","embeddable":true},"href":"https:\/\/rochoy.fr\/michael\/wp-json\/wp\/v2\/categories?post=31"},{"attributes":{"taxonomy":"post_tag","embeddable":true},"href":"https:\/\/rochoy.fr\/michael\/wp-json\/wp\/v2\/tags?post=31"}],"curies":[{"name":"wp","href":"https:\/\/api.w.org\/{rel}","templated":true}]}}