{"id":291,"date":"2020-08-08T15:58:59","date_gmt":"2020-08-08T13:58:59","guid":{"rendered":"http:\/\/rochoy.fr\/michael\/?p=291"},"modified":"2025-10-21T15:13:07","modified_gmt":"2025-10-21T13:13:07","slug":"qui-contacter-en-cas-dabsence","status":"publish","type":"post","link":"https:\/\/rochoy.fr\/michael\/qui-contacter-en-cas-dabsence\/","title":{"rendered":"Qui contacter en cas d&rsquo;absence ?"},"content":{"rendered":"\n<p>Lorsque je suis absent, plusieurs solutions s&rsquo;offrent \u00e0 vous.<\/p>\n\n\n\n<h2 class=\"wp-block-heading\"><strong>Urgence vitale<\/strong><\/h2>\n\n\n\n<p>Il faut \u00e9videmment contacter le 15 (SAMU) ou le 112 (SAMU, num\u00e9ro international).<\/p>\n\n\n\n<h2 class=\"wp-block-heading\"><strong>Consultation pouvant attendre mon retour<\/strong><\/h2>\n\n\n\n<p>Je vous invite \u00e0 pr\u00e9voir tranquillement le rendez-vous de votre choix sur <a href=\"https:\/\/www.doctolib.fr\/medecin-generaliste\/outreau\/michael-rochoy\">Doctolib<\/a>, ou \u00e0 d\u00e9faut me laisser un message au 09.81.75.51.27.<\/p>\n\n\n\n<h2 class=\"wp-block-heading\"><strong>Consultation <strong>apr\u00e8s 20h, le week-end ou les jours f\u00e9ri\u00e9s<\/strong><\/strong><\/h2>\n\n\n\n<p>Il faut contacter  le <em>centre&nbsp;de&nbsp;r\u00e9gulation&nbsp;des&nbsp;appels&nbsp;lib\u00e9raux<\/em> (CRAL) au 03 21 71 33 33. <\/p>\n\n\n\n<p>Selon les informations m\u00e9dicales recueillies, le r\u00e9gulateur vous adressera soit vers la maison m\u00e9dicale de garde (tous les m\u00e9decins du Boulonnais y prennent des gardes \u00e0 tour de r\u00f4le, par ordre alphab\u00e9tique), soit vers le service d&rsquo;accueil des urgences. <\/p>\n\n\n\n<h2 class=\"wp-block-heading\"><strong>Consultation en mon absence (mercredi, vacances) ne pouvant attendre mon retour<\/strong><\/h2>\n\n\n\n<p>En g\u00e9n\u00e9ral, pendant mes vacances, vous pouvez utiliser <strong>le service de Soins Non Programm\u00e9s de la CPTS Opale Sud<\/strong> (Communaut\u00e9 Professionnelle Territoriale de Sant\u00e9). <br>Nous sommes plusieurs m\u00e9decins \u00e0 r\u00e9server 2 \u00e0 4 cr\u00e9neaux de consultation, une demi-journ\u00e9e toutes les 2 semaines, pour cette astreinte. Vous pouvez prendre le RDV sur <a href=\"https:\/\/www.doctolib.fr\/communaute-professionnelle-territoriale-de-sante-cpts\/outreau\/cpts-team-opale-sud\/booking\/availabilities?motiveIds[]=7299086&amp;placeId=NO_PREFERENCE&amp;specialityId=2&amp;telehealth=false\">Doctolib<\/a> (si le lien ne fonctionne plus, il est accessible via la page <a href=\"https:\/\/cptsopalesud.fr\/agenda-soins-non-programmes\/\">https:\/\/cptsopalesud.fr\/agenda-soins-non-programmes\/<\/a>)<\/p>\n\n\n\n<p>S&rsquo;il n&rsquo;y a plus de cr\u00e9neaux, vous pouvez essayer de contacter \u2014 <strong>sans garantie d&rsquo;acceptation<\/strong> :<\/p>\n\n\n\n<ul class=\"wp-block-list\">\n<li><strong>la maison m\u00e9dicale du Mont-Soleil,<\/strong> 21 Boulevard Raymond Splingard, 62230 Outreau : <strong>03.21.10.48.38.<\/strong><\/li>\n\n\n\n<li>le <strong>Docteur Xavier Malicet<\/strong>, 17 Rue des Masurettes, 62230 Outreau : <strong>03.21.31.72.84.<\/strong><\/li>\n\n\n\n<li>la<strong> maison m\u00e9dicale d&rsquo;Alprech<\/strong>, 3 all\u00e9e G\u00e9rard Joly, 62480 Le Portel : <strong>03.74.79.03.25<\/strong><\/li>\n\n\n\n<li>ou <strong>tout autre m\u00e9decin de votre choix.<\/strong><\/li>\n<\/ul>\n","protected":false},"excerpt":{"rendered":"<p>Lorsque je suis absent, plusieurs solutions s&rsquo;offrent \u00e0 vous. Urgence vitale Il faut \u00e9videmment contacter le 15 (SAMU) ou le 112 (SAMU, num\u00e9ro international). Consultation pouvant attendre mon retour Je vous invite \u00e0 pr\u00e9voir tranquillement le rendez-vous de votre choix sur Doctolib, ou \u00e0 d\u00e9faut me laisser un message au 09.81.75.51.27. Consultation apr\u00e8s 20h, le &hellip; <a href=\"https:\/\/rochoy.fr\/michael\/qui-contacter-en-cas-dabsence\/\" class=\"more-link\">Continuer la lecture<span class=\"screen-reader-text\"> de &laquo;&nbsp;Qui contacter en cas d&rsquo;absence ?&nbsp;&raquo;<\/span><\/a><\/p>\n","protected":false},"author":1,"featured_media":0,"comment_status":"open","ping_status":"open","sticky":false,"template":"","format":"standard","meta":{"item_id":"","pf_source_link":"","item_date":"","item_author":"","item_link":"","item_feat_img":"","item_wp_date":"","item_tags":"","source_publication_name":"","source_publication_url":"","nomination_count":"","sortable_item_date":"","item_description":"","pf_word_count":"","pf_forward_to_origin":"no-forward","_jetpack_memberships_contains_paid_content":false,"footnotes":""},"categories":[5],"tags":[],"class_list":["post-291","post","type-post","status-publish","format-standard","hentry","category-organisation"],"jetpack_featured_media_url":"","nominators":[],"archiveOrgStatus":"","jetpack_sharing_enabled":true,"_links":{"self":[{"href":"https:\/\/rochoy.fr\/michael\/wp-json\/wp\/v2\/posts\/291","targetHints":{"allow":["GET"]}}],"collection":[{"href":"https:\/\/rochoy.fr\/michael\/wp-json\/wp\/v2\/posts"}],"about":[{"href":"https:\/\/rochoy.fr\/michael\/wp-json\/wp\/v2\/types\/post"}],"author":[{"embeddable":true,"href":"https:\/\/rochoy.fr\/michael\/wp-json\/wp\/v2\/users\/1"}],"replies":[{"embeddable":true,"href":"https:\/\/rochoy.fr\/michael\/wp-json\/wp\/v2\/comments?post=291"}],"version-history":[{"count":2,"href":"https:\/\/rochoy.fr\/michael\/wp-json\/wp\/v2\/posts\/291\/revisions"}],"predecessor-version":[{"id":2883,"href":"https:\/\/rochoy.fr\/michael\/wp-json\/wp\/v2\/posts\/291\/revisions\/2883"}],"wp:attachment":[{"href":"https:\/\/rochoy.fr\/michael\/wp-json\/wp\/v2\/media?parent=291"}],"wp:term":[{"attributes":{"taxonomy":"category","embeddable":true},"href":"https:\/\/rochoy.fr\/michael\/wp-json\/wp\/v2\/categories?post=291"},{"attributes":{"taxonomy":"post_tag","embeddable":true},"href":"https:\/\/rochoy.fr\/michael\/wp-json\/wp\/v2\/tags?post=291"}],"curies":[{"name":"wp","href":"https:\/\/api.w.org\/{rel}","templated":true}]}}