{"id":1996,"date":"2022-03-09T17:27:00","date_gmt":"2022-03-09T16:27:00","guid":{"rendered":"https:\/\/www.midilibre.fr\/2022\/03\/09\/covid-aucune-chance-que-ca-ne-flambe-pas-plusieurs-experts-jugent-precipitee-la-fin-du-masque-le-14-mars-10158064.php"},"modified":"2022-03-13T17:28:07","modified_gmt":"2022-03-13T16:28:07","slug":"covid-aucune-chance-que-ca-ne-flambe-pas-plusieurs-experts-jugent-precipitee-la-fin-du-masque-le-14-mars-midilibre-fr","status":"publish","type":"post","link":"https:\/\/rochoy.fr\/michael\/covid-aucune-chance-que-ca-ne-flambe-pas-plusieurs-experts-jugent-precipitee-la-fin-du-masque-le-14-mars-midilibre-fr\/","title":{"rendered":"Covid : \u00ab\u00a0Aucune chance que \u00e7a ne flambe pas\u00a0\u00bb, plusieurs experts jugent pr\u00e9cipit\u00e9e la fin du masque le 14 mars &#8211; midilibre.fr"},"content":{"rendered":"<p>Le 3 mars, Jean Castex a annonc\u00e9 la fin du port du masque en int\u00e9rieur et la suspension du pass vaccinal \u00e0 compter du 14 mars, alors que les indicateurs \u00e9pid\u00e9miques repartent \u00e0 la hausse. Plusieurs experts jugent cette d\u00e9cision \u00ab\u00a0pr\u00e9matur\u00e9e\u00a0\u00bb.<\/p>\n<div>\n<p>Va-t-on trop vite en besogne ?&nbsp;Invit\u00e9 du JT de 13 h de TF1 le jeudi 3 mars 2022,&nbsp;<a href=\"https:\/\/www.midilibre.fr\/2022\/03\/03\/fin-du-port-du-masque-ukraine-plan-de-resilience-economique-jean-castex-intervient-au-jt-de-13-h-sur-tf1-10146076.php\" target=\"_blank\" rel=\"noopener\">le Premier ministre a annonc\u00e9 un nouvel assouplissement des mesures sanitaires en France<\/a>. Cet all\u00e9gement intervenait dans un contexte de baisse significative de nombre de nouveaux cas de Covid, mais ces derniers jours, la tendance s&rsquo;est invers\u00e9e.<\/p>\n<p><span class=\"commented-out-html\"> Pub DFP Position [outstream] <\/span><\/p>\n<p>En effet, dans son dernier bulletin, Sant\u00e9 Publique France recensait ce mardi soir&nbsp;<strong>93 050 nouveaux cas de coronavirus<\/strong>&nbsp;en vingt-quatre heures, <a href=\"https:\/\/www.midilibre.fr\/2022\/03\/08\/bilan-covid-occitanie-36-deces-en-quatre-jours-et-187-patients-dans-les-services-de-soins-critiques-10156999.php\" target=\"_blank\" rel=\"noopener\">le nombre quotidien d&rsquo;infections le plus \u00e9lev\u00e9 depuis le 22 f\u00e9vrier<\/a>, en hausse de plus de 16 % en une semaine.&nbsp;Pourtant, l&rsquo;\u00e9ch\u00e9ance pour l&rsquo;all\u00e9gement des restrictions reste fix\u00e9e au 14 mars. A cette date, le pass vaccinal doit \u00eatre en principe suspendu et le port du masque ne sera plus obligatoire.<\/p>\n<p><span class=\"commented-out-html\"> Pub DFP Position [article] <\/span><\/p>\n<h2 class=\"txt-int\">Incompr\u00e9hension chez certains \u00e9pid\u00e9miologistes<\/h2>\n<p>L&rsquo;\u00e9pid\u00e9miologiste&nbsp;Antoine Flahault a estim\u00e9 jeudi 3 mars sur <a href=\"https:\/\/www.francetvinfo.fr\/sante\/maladie\/coronavirus\/pass-sanitaire\/antoine-flahault-epidemiologiste-estime-que-suspendre-le-pass-vaccinal-peut-s-entendre-mais-pas-la-levee-du-masque_4990774.html\" target=\"_blank\" rel=\"noopener\"><em>franceinfo<\/em><\/a> que&nbsp;\u00ab\u00a0suspendre le pass vaccinal&nbsp;peut s&rsquo;entendre\u00a0\u00bb, en raison du taux de vaccination&nbsp;atteint en France, mais que&nbsp;<strong>\u00ab\u00a0la lev\u00e9e du masque dans les lieux clos alors que le virus circule encore fortement laisse les personnes \u00e0 risque plus expos\u00e9es aux formes graves et s\u00e9v\u00e8res de Covid-19<\/strong>\u00ab\u00a0.<\/p>\n<p>Il poursuit : \u00ab\u00a0C&rsquo;est dans tous les lieux clos, mal ventil\u00e9s, qui re\u00e7oivent du public, qu&rsquo;on se contamine. On est encore tr\u00e8s haut en taux d&rsquo;incidence aujourd&rsquo;hui. Dire qu&rsquo;il ne sera pas n\u00e9cessaire de porter le masque quand le virus circulera peu, je l&rsquo;entends tr\u00e8s bien, assure Antoine Flahault.&nbsp;Mais dire que ce sera le 14 mars, <strong>c&rsquo;est un peu pr\u00e9cipit\u00e9<\/strong>, je doute qu&rsquo;\u00e0 cette date, la circulation du virus soit si basse qu&rsquo;il n&rsquo;y ait plus beaucoup de risques.\u00a0\u00bb<\/p>\n<p>Antoine Flahault d\u00e9plore en effet un risque important pour les plus fragiles, notamment pour les personnes&nbsp;personnes immunod\u00e9prim\u00e9es ou avec des comorbidit\u00e9s. \u00ab\u00a0On va recommander \u00e0 ces personnes de <strong>s&rsquo;auto-confiner presque, de porter un masque FFP2<\/strong>\u00ab\u00a0, a-t-il conclu chez nos confr\u00e8res.<\/p>\n<p>Et ce n&rsquo;est pas le seul \u00e0 s&rsquo;inqui\u00e9ter de cet assouplissement.&nbsp;Micka\u00ebl Rochoy, bas\u00e9 \u00e0 Outreau, est farouchement oppos\u00e9 \u00e0 la fin du port du masque obligatoire le 14 mars. Dans son cabinet, le docteur a placard\u00e9 une affichette qui \u00ab\u00a0recommande fortement de le conserver dans tous les lieux clos\u00a0\u00bb. Il la propose m\u00eame au t\u00e9l\u00e9chargement&nbsp;\u00e0 ses coll\u00e8gues m\u00e9decins. Pour ce cofondateur du collectif \u00ab\u00a0Stop Postillons\u00a0\u00bb, le Covid-19 circule encore beaucoup trop pour envisager ce type de mesure, rapporte <a href=\"https:\/\/www.lavoixdunord.fr\/1149916\/article\/2022-03-08\/covid-19-sans-les-masques-aucune-chance-que-ca-ne-flambe-pas\" target=\"_blank\" rel=\"noopener\"><em>La Voix du Nord<\/em><\/a>.<\/p>\n<p>\u00ab\u00a0On est encore \u00e0 plus de 100 d\u00e9c\u00e8s par jour.<strong> Bien s\u00fbr, il n\u2019y aura pas de cadavre dans les rues<\/strong>, bien s\u00fbr, les r\u00e9animations ne seront pas forc\u00e9ment surcharg\u00e9es parce qu\u2019Omicron est moins virulent, mais on va surcharger le syst\u00e8me de sant\u00e9 en ville, retarder des prises en charge&#8230;\u00a0\u00bb a-t-il d\u00e9plor\u00e9.<\/p>\n<p>Quant \u00e0 la lev\u00e9e du pass vaccinal le 14 mars, le docteur Rochoy a dit comprendre cette d\u00e9cision, \u00e9tant donn\u00e9 le fort taux de vaccination en France.<\/p>\n<\/div>\n<p>Source: <a href=\"https:\/\/www.midilibre.fr\/2022\/03\/09\/covid-aucune-chance-que-ca-ne-flambe-pas-plusieurs-experts-jugent-precipitee-la-fin-du-masque-le-14-mars-10158064.php\" target=\"_blank\" pf-nom-item-id=\"1995\" rel=\"noopener\">Covid : \u201cAucune chance que \u00e7a ne flambe pas\u201d, plusieurs experts jugent pr\u00e9cipit\u00e9e la fin du masque le 14 mars \u2013 midilibre.fr<\/a><\/p>\n","protected":false},"excerpt":{"rendered":"<p>Le 3 mars, Jean Castex a annonc\u00e9 la fin du port du masque en int\u00e9rieur et la suspension du pass vaccinal \u00e0 compter du 14 mars, alors que les indicateurs \u00e9pid\u00e9miques repartent \u00e0 la hausse. Plusieurs experts jugent cette d\u00e9cision \u00ab\u00a0pr\u00e9matur\u00e9e\u00a0\u00bb. Va-t-on trop vite en besogne ?&nbsp;Invit\u00e9 du JT de 13 h de TF1 le &hellip; <a href=\"https:\/\/rochoy.fr\/michael\/covid-aucune-chance-que-ca-ne-flambe-pas-plusieurs-experts-jugent-precipitee-la-fin-du-masque-le-14-mars-midilibre-fr\/\" class=\"more-link\">Continuer la lecture<span class=\"screen-reader-text\"> de &laquo;&nbsp;Covid : \u00ab\u00a0Aucune chance que \u00e7a ne flambe pas\u00a0\u00bb, plusieurs experts jugent pr\u00e9cipit\u00e9e la fin du masque le 14 mars &#8211; midilibre.fr&nbsp;&raquo;<\/span><\/a><\/p>\n","protected":false},"author":1,"featured_media":0,"comment_status":"closed","ping_status":"closed","sticky":false,"template":"","format":"standard","meta":{"item_id":"e4c84574db38ade2f51c04d8d32603c1","pf_source_link":"","item_date":"2022-03-13 16:27:52","item_author":"Author on Source","item_link":"https:\/\/www.midilibre.fr\/2022\/03\/09\/covid-aucune-chance-que-ca-ne-flambe-pas-plusieurs-experts-jugent-precipitee-la-fin-du-masque-le-14-mars-10158064.php","item_feat_img":"","item_wp_date":"2022-03-13 16:27:52","item_tags":"","source_publication_name":"","source_publication_url":"","nomination_count":"1","sortable_item_date":"1647188872","item_description":"","pf_word_count":"","pf_forward_to_origin":"no-forward","_jetpack_memberships_contains_paid_content":false,"footnotes":""},"categories":[1],"tags":[18],"class_list":["post-1996","post","type-post","status-publish","format-standard","hentry","category-non-classe","tag-viabookmarklet"],"jetpack_featured_media_url":"","nominators":{"1":{"user_id":1,"nomination_datetime":"2022-03-13 16:27:52","nomination_unixtime":1647188872}},"archiveOrgStatus":"","jetpack_sharing_enabled":true,"_links":{"self":[{"href":"https:\/\/rochoy.fr\/michael\/wp-json\/wp\/v2\/posts\/1996","targetHints":{"allow":["GET"]}}],"collection":[{"href":"https:\/\/rochoy.fr\/michael\/wp-json\/wp\/v2\/posts"}],"about":[{"href":"https:\/\/rochoy.fr\/michael\/wp-json\/wp\/v2\/types\/post"}],"author":[{"embeddable":true,"href":"https:\/\/rochoy.fr\/michael\/wp-json\/wp\/v2\/users\/1"}],"replies":[{"embeddable":true,"href":"https:\/\/rochoy.fr\/michael\/wp-json\/wp\/v2\/comments?post=1996"}],"version-history":[{"count":1,"href":"https:\/\/rochoy.fr\/michael\/wp-json\/wp\/v2\/posts\/1996\/revisions"}],"predecessor-version":[{"id":1998,"href":"https:\/\/rochoy.fr\/michael\/wp-json\/wp\/v2\/posts\/1996\/revisions\/1998"}],"nominator":[{"embeddable":false,"href":"https:\/\/rochoy.fr\/michael\/wp-json\/wp\/v2\/user\/1"}],"wp:attachment":[{"href":"https:\/\/rochoy.fr\/michael\/wp-json\/wp\/v2\/media?parent=1996"}],"wp:term":[{"attributes":{"taxonomy":"category","embeddable":true},"href":"https:\/\/rochoy.fr\/michael\/wp-json\/wp\/v2\/categories?post=1996"},{"attributes":{"taxonomy":"post_tag","embeddable":true},"href":"https:\/\/rochoy.fr\/michael\/wp-json\/wp\/v2\/tags?post=1996"}],"curies":[{"name":"wp","href":"https:\/\/api.w.org\/{rel}","templated":true}]}}