{"id":1939,"date":"2022-02-02T10:24:12","date_gmt":"2022-02-02T09:24:12","guid":{"rendered":"https:\/\/rochoy.fr\/michael\/?p=1939"},"modified":"2022-02-02T10:24:52","modified_gmt":"2022-02-02T09:24:52","slug":"ipa01-mme-aurelie-beauchet-a-partir-du-1er-fevrier-2022","status":"publish","type":"post","link":"https:\/\/rochoy.fr\/michael\/ipa01-mme-aurelie-beauchet-a-partir-du-1er-fevrier-2022\/","title":{"rendered":"IPA01. Mme Aur\u00e9lie Beauchet &#8211; A partir du 1er f\u00e9vrier 2022"},"content":{"rendered":"\n<p>A compter du 1<sup>er<\/sup> f\u00e9vrier 2022, le cabinet accueillera pour sa 1<sup>\u00e8re<\/sup> ann\u00e9e de formation d\u2019Infirmi\u00e8re en Pratique Avanc\u00e9e<\/p>\n\n\n\n<p>\uf063<strong>&nbsp;&nbsp; Madame Aur\u00e9lie Beauchet &nbsp;&nbsp;<\/strong>\uf064<\/p>\n\n\n\n<p><strong>Infirmi\u00e8re dipl\u00f4m\u00e9e d\u2019\u00e9tat (cabinet \u00ab&nbsp;Feutry&nbsp;\u00bb, Outreau)<\/strong><\/p>\n\n\n\n<p>Les infirmiers en pratique avanc\u00e9e (IPA) constituent une <strong>nouvelle profession<\/strong>, permettant notamment <strong>le suivi et l\u2019accompagnement de patients ayant une maladie chronique stabilis\u00e9e<\/strong> <em>(hypertension art\u00e9rielle, diab\u00e8te, AVC, pathologies cardiovasculaires, pathologies respiratoires chroniques, troubles cognitifs, etc.) <\/em>en coop\u00e9ration avec le m\u00e9decin traitant de ces patients.<\/p>\n\n\n\n<p>Elle assistera et participera aux consultations pendant 30 jours en 2022, en g\u00e9n\u00e9ral les mardis et vendredis, en pr\u00e9sence du m\u00e9decin.<\/p>\n","protected":false},"excerpt":{"rendered":"<p>A compter du 1er f\u00e9vrier 2022, le cabinet accueillera pour sa 1\u00e8re ann\u00e9e de formation d\u2019Infirmi\u00e8re en Pratique Avanc\u00e9e \uf063&nbsp;&nbsp; Madame Aur\u00e9lie Beauchet &nbsp;&nbsp;\uf064 Infirmi\u00e8re dipl\u00f4m\u00e9e d\u2019\u00e9tat (cabinet \u00ab&nbsp;Feutry&nbsp;\u00bb, Outreau) Les infirmiers en pratique avanc\u00e9e (IPA) constituent une nouvelle profession, permettant notamment le suivi et l\u2019accompagnement de patients ayant une maladie chronique stabilis\u00e9e (hypertension art\u00e9rielle, &hellip; <a href=\"https:\/\/rochoy.fr\/michael\/ipa01-mme-aurelie-beauchet-a-partir-du-1er-fevrier-2022\/\" class=\"more-link\">Continuer la lecture<span class=\"screen-reader-text\"> de &laquo;&nbsp;IPA01. Mme Aur\u00e9lie Beauchet &#8211; A partir du 1er f\u00e9vrier 2022&nbsp;&raquo;<\/span><\/a><\/p>\n","protected":false},"author":1,"featured_media":0,"comment_status":"open","ping_status":"open","sticky":false,"template":"","format":"standard","meta":{"item_id":"","pf_source_link":"","item_date":"","item_author":"","item_link":"","item_feat_img":"","item_wp_date":"","item_tags":"","source_publication_name":"","source_publication_url":"","nomination_count":"","sortable_item_date":"","item_description":"","pf_word_count":"","pf_forward_to_origin":"no-forward","_jetpack_memberships_contains_paid_content":false,"footnotes":""},"categories":[13],"tags":[],"class_list":["post-1939","post","type-post","status-publish","format-standard","hentry","category-internes-en-formation"],"jetpack_featured_media_url":"","nominators":[],"archiveOrgStatus":"","jetpack_sharing_enabled":true,"_links":{"self":[{"href":"https:\/\/rochoy.fr\/michael\/wp-json\/wp\/v2\/posts\/1939","targetHints":{"allow":["GET"]}}],"collection":[{"href":"https:\/\/rochoy.fr\/michael\/wp-json\/wp\/v2\/posts"}],"about":[{"href":"https:\/\/rochoy.fr\/michael\/wp-json\/wp\/v2\/types\/post"}],"author":[{"embeddable":true,"href":"https:\/\/rochoy.fr\/michael\/wp-json\/wp\/v2\/users\/1"}],"replies":[{"embeddable":true,"href":"https:\/\/rochoy.fr\/michael\/wp-json\/wp\/v2\/comments?post=1939"}],"version-history":[{"count":2,"href":"https:\/\/rochoy.fr\/michael\/wp-json\/wp\/v2\/posts\/1939\/revisions"}],"predecessor-version":[{"id":1941,"href":"https:\/\/rochoy.fr\/michael\/wp-json\/wp\/v2\/posts\/1939\/revisions\/1941"}],"wp:attachment":[{"href":"https:\/\/rochoy.fr\/michael\/wp-json\/wp\/v2\/media?parent=1939"}],"wp:term":[{"attributes":{"taxonomy":"category","embeddable":true},"href":"https:\/\/rochoy.fr\/michael\/wp-json\/wp\/v2\/categories?post=1939"},{"attributes":{"taxonomy":"post_tag","embeddable":true},"href":"https:\/\/rochoy.fr\/michael\/wp-json\/wp\/v2\/tags?post=1939"}],"curies":[{"name":"wp","href":"https:\/\/api.w.org\/{rel}","templated":true}]}}