{"id":1401,"date":"2021-07-04T16:37:13","date_gmt":"2021-07-04T14:37:13","guid":{"rendered":"https:\/\/rochoy.fr\/michael\/?p=1401"},"modified":"2022-01-07T17:00:44","modified_gmt":"2022-01-07T16:00:44","slug":"06-m-pierre-morieux-mai-2021-novembre-2021","status":"publish","type":"post","link":"https:\/\/rochoy.fr\/michael\/06-m-pierre-morieux-mai-2021-novembre-2021\/","title":{"rendered":"06. M. Pierre Morieux : mai 2021 &#8211; novembre 2021"},"content":{"rendered":"\n<p><strong>Facult\u00e9 de m\u00e9decine Henri Warembourg (Lille)<\/strong><\/p>\n\n\n\n<p>A compter du 1er mai 2021 et jusqu\u2019au 1<sup>er<\/sup>\u00a0novembre 2021, le cabinet accueillera pour sa formation<\/p>\n\n\n\n<p><strong>Monsieur Pierre Morieux<\/strong><\/p>\n\n\n\n<p><strong>Interne en m\u00e9decine g\u00e9n\u00e9rale en 6\u00e8me semestre (9<sup>\u00e8me<\/sup>\u00a0ann\u00e9e d\u2019\u00e9tude)<\/strong><\/p>\n\n\n\n<p>Il assistera et participera aux consultations 2 jours par semaine (lundi-mardi).<\/p>\n\n\n\n<p>En tant qu\u2019interne en autonomie supervis\u00e9e, il r\u00e9alisera la plupart de ses consultations seul.<\/p>\n\n\n\n<p>Toute consultation effectu\u00e9e seule sera supervis\u00e9e et revue le jour m\u00eame avec le Docteur Micha\u00ebl Rochoy.<\/p>\n\n\n\n<p>La pr\u00e9sence d\u2019une interne permet une double r\u00e9flexion concernant votre dossier m\u00e9dical. Toutefois, si vous pr\u00e9f\u00e9rez vous entretenir uniquement avec le Docteur Micha\u00ebl Rochoy pour tout ou partie de la consultation, il suffit de le signaler lors de la prise de rendez-vous ou pendant la consultation.<\/p>\n","protected":false},"excerpt":{"rendered":"<p>Facult\u00e9 de m\u00e9decine Henri Warembourg (Lille) A compter du 1er mai 2021 et jusqu\u2019au 1er\u00a0novembre 2021, le cabinet accueillera pour sa formation Monsieur Pierre Morieux Interne en m\u00e9decine g\u00e9n\u00e9rale en 6\u00e8me semestre (9\u00e8me\u00a0ann\u00e9e d\u2019\u00e9tude) Il assistera et participera aux consultations 2 jours par semaine (lundi-mardi). En tant qu\u2019interne en autonomie supervis\u00e9e, il r\u00e9alisera la plupart &hellip; <a href=\"https:\/\/rochoy.fr\/michael\/06-m-pierre-morieux-mai-2021-novembre-2021\/\" class=\"more-link\">Continuer la lecture<span class=\"screen-reader-text\"> de &laquo;&nbsp;06. M. Pierre Morieux : mai 2021 &#8211; novembre 2021&nbsp;&raquo;<\/span><\/a><\/p>\n","protected":false},"author":1,"featured_media":0,"comment_status":"open","ping_status":"open","sticky":false,"template":"","format":"standard","meta":{"item_id":"","pf_source_link":"","item_date":"","item_author":"","item_link":"","item_feat_img":"","item_wp_date":"","item_tags":"","source_publication_name":"","source_publication_url":"","nomination_count":"","sortable_item_date":"","item_description":"","pf_word_count":"","pf_forward_to_origin":"no-forward","_jetpack_memberships_contains_paid_content":false,"footnotes":""},"categories":[13],"tags":[],"class_list":["post-1401","post","type-post","status-publish","format-standard","hentry","category-internes-en-formation"],"jetpack_featured_media_url":"","nominators":[],"archiveOrgStatus":"","jetpack_sharing_enabled":true,"_links":{"self":[{"href":"https:\/\/rochoy.fr\/michael\/wp-json\/wp\/v2\/posts\/1401","targetHints":{"allow":["GET"]}}],"collection":[{"href":"https:\/\/rochoy.fr\/michael\/wp-json\/wp\/v2\/posts"}],"about":[{"href":"https:\/\/rochoy.fr\/michael\/wp-json\/wp\/v2\/types\/post"}],"author":[{"embeddable":true,"href":"https:\/\/rochoy.fr\/michael\/wp-json\/wp\/v2\/users\/1"}],"replies":[{"embeddable":true,"href":"https:\/\/rochoy.fr\/michael\/wp-json\/wp\/v2\/comments?post=1401"}],"version-history":[{"count":1,"href":"https:\/\/rochoy.fr\/michael\/wp-json\/wp\/v2\/posts\/1401\/revisions"}],"predecessor-version":[{"id":1402,"href":"https:\/\/rochoy.fr\/michael\/wp-json\/wp\/v2\/posts\/1401\/revisions\/1402"}],"wp:attachment":[{"href":"https:\/\/rochoy.fr\/michael\/wp-json\/wp\/v2\/media?parent=1401"}],"wp:term":[{"attributes":{"taxonomy":"category","embeddable":true},"href":"https:\/\/rochoy.fr\/michael\/wp-json\/wp\/v2\/categories?post=1401"},{"attributes":{"taxonomy":"post_tag","embeddable":true},"href":"https:\/\/rochoy.fr\/michael\/wp-json\/wp\/v2\/tags?post=1401"}],"curies":[{"name":"wp","href":"https:\/\/api.w.org\/{rel}","templated":true}]}}